{"id":15410,"date":"2020-10-07T19:09:25","date_gmt":"2020-10-07T17:09:25","guid":{"rendered":"http:\/\/blog.wenzlaff.de\/?p=15410"},"modified":"2020-10-07T19:09:25","modified_gmt":"2020-10-07T17:09:25","slug":"auswertung-der-co2-messung-an-einem-arbeitstag-mit-co2-ampel","status":"publish","type":"post","link":"http:\/\/blog.wenzlaff.de\/?p=15410","title":{"rendered":"Auswertung der CO2 Messung an einem Arbeitstag mit CO2-Ampel"},"content":{"rendered":"<p>Hier mal die CO2 Werte von Heute in der History-Ansicht:<br \/>\n<a href=\"http:\/\/blog.wenzlaff.de\/wp-content\/uploads\/2020\/10\/wenzlaff.de-2020-10-07-um-18.56.53.png\"><img loading=\"lazy\" decoding=\"async\" src=\"http:\/\/blog.wenzlaff.de\/wp-content\/uploads\/2020\/10\/wenzlaff.de-2020-10-07-um-18.56.53.png\" alt=\"CO2 Tag\" width=\"1252\" height=\"792\" class=\"aligncenter size-full wp-image-15411\" srcset=\"http:\/\/blog.wenzlaff.de\/wp-content\/uploads\/2020\/10\/wenzlaff.de-2020-10-07-um-18.56.53.png 1252w, http:\/\/blog.wenzlaff.de\/wp-content\/uploads\/2020\/10\/wenzlaff.de-2020-10-07-um-18.56.53-300x190.png 300w, http:\/\/blog.wenzlaff.de\/wp-content\/uploads\/2020\/10\/wenzlaff.de-2020-10-07-um-18.56.53-1024x648.png 1024w, http:\/\/blog.wenzlaff.de\/wp-content\/uploads\/2020\/10\/wenzlaff.de-2020-10-07-um-18.56.53-768x486.png 768w\" sizes=\"auto, (max-width: 767px) 89vw, (max-width: 1000px) 54vw, (max-width: 1071px) 543px, 580px\" \/><\/a><br \/>\nMan sieht deutlich, das ich um 6:30 Uhr angefangen habe zu arbeiten (die Rote 1).<br \/>\nBei der Gr\u00fcnen 2 habe ich jeweils gel\u00fcftet und das Fenster ge\u00f6ffnet, da die 1000 ppm an CO2 im Zimmer erreicht wurden. Deshalb fallen die Werte schnell ab, es wird aber auch schon im Zimmer kalt. Um 12 Uhr hatte ich das Fenster aufgemacht, und bin in die Mittagspause gegangen.Dann heute etwas fr\u00fcher Feierabend gemacht, und kurz nach 15 Uhr noch mal gel\u00fcftet.<\/p>\n<p>Wie das ganze mit dem Raspberry Pi und NodeRed und Mqtt erfasst wird, siehe <a href=\"http:\/\/blog.wenzlaff.de\/?s=co2\" rel=\"noopener noreferrer\" target=\"_blank\">hier<\/a>.<\/p>\n","protected":false},"excerpt":{"rendered":"<p>Hier mal die CO2 Werte von Heute in der History-Ansicht: Man sieht deutlich, das ich um 6:30 Uhr angefangen habe zu arbeiten (die Rote 1). Bei der Gr\u00fcnen 2 habe ich jeweils gel\u00fcftet und das Fenster ge\u00f6ffnet, da die 1000 ppm an CO2 im Zimmer erreicht wurden. Deshalb fallen die Werte schnell ab, es wird &hellip; <\/p>\n<p class=\"link-more\"><a href=\"http:\/\/blog.wenzlaff.de\/?p=15410\" class=\"more-link\"><span class=\"screen-reader-text\">\u201eAuswertung der CO2 Messung an einem Arbeitstag mit CO2-Ampel\u201c <\/span>weiterlesen<\/a><\/p>\n","protected":false},"author":2,"featured_media":0,"comment_status":"closed","ping_status":"closed","sticky":false,"template":"","format":"standard","meta":{"footnotes":""},"categories":[220,4084,852,2520,1023,2752,2713],"tags":[4056,527,4059,4058],"class_list":["post-15410","post","type-post","status-publish","format-standard","hentry","category-anleitung","category-co2","category-heimautomatisierung","category-node-red","category-raspberry-pi","category-raspberry-pi-zero-w","category-statistik","tag-ampel","tag-co2","tag-co2-messung","tag-co2-ampel"],"_links":{"self":[{"href":"http:\/\/blog.wenzlaff.de\/index.php?rest_route=\/wp\/v2\/posts\/15410","targetHints":{"allow":["GET"]}}],"collection":[{"href":"http:\/\/blog.wenzlaff.de\/index.php?rest_route=\/wp\/v2\/posts"}],"about":[{"href":"http:\/\/blog.wenzlaff.de\/index.php?rest_route=\/wp\/v2\/types\/post"}],"author":[{"embeddable":true,"href":"http:\/\/blog.wenzlaff.de\/index.php?rest_route=\/wp\/v2\/users\/2"}],"replies":[{"embeddable":true,"href":"http:\/\/blog.wenzlaff.de\/index.php?rest_route=%2Fwp%2Fv2%2Fcomments&post=15410"}],"version-history":[{"count":0,"href":"http:\/\/blog.wenzlaff.de\/index.php?rest_route=\/wp\/v2\/posts\/15410\/revisions"}],"wp:attachment":[{"href":"http:\/\/blog.wenzlaff.de\/index.php?rest_route=%2Fwp%2Fv2%2Fmedia&parent=15410"}],"wp:term":[{"taxonomy":"category","embeddable":true,"href":"http:\/\/blog.wenzlaff.de\/index.php?rest_route=%2Fwp%2Fv2%2Fcategories&post=15410"},{"taxonomy":"post_tag","embeddable":true,"href":"http:\/\/blog.wenzlaff.de\/index.php?rest_route=%2Fwp%2Fv2%2Ftags&post=15410"}],"curies":[{"name":"wp","href":"https:\/\/api.w.org\/{rel}","templated":true}]}}