{"id":15441,"date":"2020-10-11T19:00:49","date_gmt":"2020-10-11T17:00:49","guid":{"rendered":"http:\/\/blog.wenzlaff.de\/?p=15441"},"modified":"2023-08-20T14:55:18","modified_gmt":"2023-08-20T12:55:18","slug":"podcast-folge-3-acht-fragen-zum-kohlendioxid-co2","status":"publish","type":"post","link":"http:\/\/blog.wenzlaff.de\/?p=15441","title":{"rendered":"Podcast Folge 3: Acht Fragen zum Kohlendioxid (CO2)"},"content":{"rendered":"<p>Heute die 3. Folge des Podcast. Das Thema &#8222;<a href=\"https:\/\/podcasters.spotify.com\/pod\/show\/wenzlaff\" rel=\"noopener noreferrer\" target=\"_blank\">Acht Fragen zum Kohlendioxid (CO2)<\/a>&#8222;, viel Spa\u00df beim <a href=\"https:\/\/podcasters.spotify.com\/pod\/show\/wenzlaff\" rel=\"noopener noreferrer\" target=\"_blank\">h\u00f6ren<\/a> &#8230; <\/p>\n<p><iframe loading=\"lazy\" src=\"https:\/\/anchor.fm\/wenzlaff\/embed\/episodes\/8-Fragen-zum-Kohlendioxid-CO2-e95gfi\" height=\"102px\" width=\"400px\" frameborder=\"0\" scrolling=\"no\"><\/iframe><\/p>\n<p>Der <a href=\"https:\/\/podcasters.spotify.com\/pod\/show\/wenzlaff\" rel=\"noopener noreferrer\" target=\"_blank\">Podcast<\/a> ist \u00fcbrigens seit 2019 auch im Apple-Store, Spotify und bei Google <a href=\"http:\/\/blog.wenzlaff.de\/?p=13892\" rel=\"noopener noreferrer\" target=\"_blank\">verf\u00fcgbar<\/a>.<\/p>\n","protected":false},"excerpt":{"rendered":"<p>Heute die 3. Folge des Podcast. Das Thema &#8222;Acht Fragen zum Kohlendioxid (CO2)&#8222;, viel Spa\u00df beim h\u00f6ren &#8230; Der Podcast ist \u00fcbrigens seit 2019 auch im Apple-Store, Spotify und bei Google verf\u00fcgbar.<\/p>\n","protected":false},"author":2,"featured_media":0,"comment_status":"closed","ping_status":"closed","sticky":false,"template":"","format":"standard","meta":{"footnotes":""},"categories":[3,3522],"tags":[527,4058,4089,4088,1785],"class_list":["post-15441","post","type-post","status-publish","format-standard","hentry","category-allgemein","category-podcast","tag-co2","tag-co2-ampel","tag-folge-3","tag-kolenstoffdioxid","tag-podcast"],"_links":{"self":[{"href":"http:\/\/blog.wenzlaff.de\/index.php?rest_route=\/wp\/v2\/posts\/15441","targetHints":{"allow":["GET"]}}],"collection":[{"href":"http:\/\/blog.wenzlaff.de\/index.php?rest_route=\/wp\/v2\/posts"}],"about":[{"href":"http:\/\/blog.wenzlaff.de\/index.php?rest_route=\/wp\/v2\/types\/post"}],"author":[{"embeddable":true,"href":"http:\/\/blog.wenzlaff.de\/index.php?rest_route=\/wp\/v2\/users\/2"}],"replies":[{"embeddable":true,"href":"http:\/\/blog.wenzlaff.de\/index.php?rest_route=%2Fwp%2Fv2%2Fcomments&post=15441"}],"version-history":[{"count":0,"href":"http:\/\/blog.wenzlaff.de\/index.php?rest_route=\/wp\/v2\/posts\/15441\/revisions"}],"wp:attachment":[{"href":"http:\/\/blog.wenzlaff.de\/index.php?rest_route=%2Fwp%2Fv2%2Fmedia&parent=15441"}],"wp:term":[{"taxonomy":"category","embeddable":true,"href":"http:\/\/blog.wenzlaff.de\/index.php?rest_route=%2Fwp%2Fv2%2Fcategories&post=15441"},{"taxonomy":"post_tag","embeddable":true,"href":"http:\/\/blog.wenzlaff.de\/index.php?rest_route=%2Fwp%2Fv2%2Ftags&post=15441"}],"curies":[{"name":"wp","href":"https:\/\/api.w.org\/{rel}","templated":true}]}}