{"id":21468,"date":"2024-03-06T17:43:22","date_gmt":"2024-03-06T16:43:22","guid":{"rendered":"http:\/\/blog.wenzlaff.de\/?p=21468"},"modified":"2024-03-06T17:43:47","modified_gmt":"2024-03-06T16:43:47","slug":"boeing-e-3b-sentry-awacs-stoerte-heute-in-langenhagen","status":"publish","type":"post","link":"http:\/\/blog.wenzlaff.de\/?p=21468","title":{"rendered":"Boeing E-3B Sentry (AWACS) st\u00f6rte Heute in Langenhagen"},"content":{"rendered":"<p>Die <a href=\"https:\/\/de.wikipedia.org\/wiki\/Boeing_E-3\" rel=\"noopener\" target=\"_blank\">Boeing E-3B Sentry (AWACS)<\/a> ist sehr laut, und hat mich heute im Homeoffice in Langenhagen ans Fenster gezogen.  Sie fliegt teilweise mit Ausnahmegenehmigung, da die Triebwerke der E-3A den modernen Umweltschutzauflagen hinsichtlich L\u00e4rmbel\u00e4stigung und Abgasentwicklung nicht mehr gen\u00fcgen. Die hatte ich bei uns noch nie gesehen, sie hat einen gro\u00dfen Radar Aufbau:<\/p>\n<p><img loading=\"lazy\" decoding=\"async\" src=\"http:\/\/blog.wenzlaff.de\/wp-content\/uploads\/2024\/03\/fr24-nato-1.png\" alt=\"\" width=\"2084\" height=\"666\" class=\"aligncenter size-full wp-image-21469\" srcset=\"http:\/\/blog.wenzlaff.de\/wp-content\/uploads\/2024\/03\/fr24-nato-1.png 2084w, http:\/\/blog.wenzlaff.de\/wp-content\/uploads\/2024\/03\/fr24-nato-1-300x96.png 300w, http:\/\/blog.wenzlaff.de\/wp-content\/uploads\/2024\/03\/fr24-nato-1-1024x327.png 1024w, http:\/\/blog.wenzlaff.de\/wp-content\/uploads\/2024\/03\/fr24-nato-1-768x245.png 768w, http:\/\/blog.wenzlaff.de\/wp-content\/uploads\/2024\/03\/fr24-nato-1-1536x491.png 1536w, http:\/\/blog.wenzlaff.de\/wp-content\/uploads\/2024\/03\/fr24-nato-1-2048x654.png 2048w\" sizes=\"auto, (max-width: 767px) 89vw, (max-width: 1000px) 54vw, (max-width: 1071px) 543px, 580px\" \/><\/p>\n<p>Das war aber noch nichts gegen Rostock-Laage wo sie <strong>10 Mal<\/strong> durchgestartet und im Kreis geflogen ist, wenn ich richtig z\u00e4hle.<!--more--><\/p>\n<p><img loading=\"lazy\" decoding=\"async\" src=\"http:\/\/blog.wenzlaff.de\/wp-content\/uploads\/2024\/03\/fr24-nato-2.png\" alt=\"\" width=\"2266\" height=\"1274\" class=\"aligncenter size-full wp-image-21470\" srcset=\"http:\/\/blog.wenzlaff.de\/wp-content\/uploads\/2024\/03\/fr24-nato-2.png 2266w, http:\/\/blog.wenzlaff.de\/wp-content\/uploads\/2024\/03\/fr24-nato-2-300x169.png 300w, http:\/\/blog.wenzlaff.de\/wp-content\/uploads\/2024\/03\/fr24-nato-2-1024x576.png 1024w, http:\/\/blog.wenzlaff.de\/wp-content\/uploads\/2024\/03\/fr24-nato-2-768x432.png 768w, http:\/\/blog.wenzlaff.de\/wp-content\/uploads\/2024\/03\/fr24-nato-2-1536x864.png 1536w, http:\/\/blog.wenzlaff.de\/wp-content\/uploads\/2024\/03\/fr24-nato-2-2048x1151.png 2048w\" sizes=\"auto, (max-width: 767px) 89vw, (max-width: 1000px) 54vw, (max-width: 1071px) 543px, 580px\" \/><\/p>\n<p>Jetz ist sie auch wieder in <a href=\"https:\/\/www.flightradar24.com\/data\/aircraft\/lx-n90443#3441a93e\" rel=\"noopener\" target=\"_blank\">Geilenkirchen (GKE)<\/a>.<\/p>\n<p><img loading=\"lazy\" decoding=\"async\" src=\"http:\/\/blog.wenzlaff.de\/wp-content\/uploads\/2024\/03\/fr24-nato-3.png\" alt=\"\" width=\"3322\" height=\"1994\" class=\"aligncenter size-full wp-image-21471\" srcset=\"http:\/\/blog.wenzlaff.de\/wp-content\/uploads\/2024\/03\/fr24-nato-3.png 3322w, http:\/\/blog.wenzlaff.de\/wp-content\/uploads\/2024\/03\/fr24-nato-3-300x180.png 300w, http:\/\/blog.wenzlaff.de\/wp-content\/uploads\/2024\/03\/fr24-nato-3-1024x615.png 1024w, http:\/\/blog.wenzlaff.de\/wp-content\/uploads\/2024\/03\/fr24-nato-3-768x461.png 768w, http:\/\/blog.wenzlaff.de\/wp-content\/uploads\/2024\/03\/fr24-nato-3-1536x922.png 1536w, http:\/\/blog.wenzlaff.de\/wp-content\/uploads\/2024\/03\/fr24-nato-3-2048x1229.png 2048w, http:\/\/blog.wenzlaff.de\/wp-content\/uploads\/2024\/03\/fr24-nato-3-2000x1200.png 2000w\" sizes=\"auto, (max-width: 767px) 89vw, (max-width: 1000px) 54vw, (max-width: 1071px) 543px, 580px\" \/><\/p>\n","protected":false},"excerpt":{"rendered":"<p>Die Boeing E-3B Sentry (AWACS) ist sehr laut, und hat mich heute im Homeoffice in Langenhagen ans Fenster gezogen. Sie fliegt teilweise mit Ausnahmegenehmigung, da die Triebwerke der E-3A den modernen Umweltschutzauflagen hinsichtlich L\u00e4rmbel\u00e4stigung und Abgasentwicklung nicht mehr gen\u00fcgen. Die hatte ich bei uns noch nie gesehen, sie hat einen gro\u00dfen Radar Aufbau: Das war &hellip; <\/p>\n<p class=\"link-more\"><a href=\"http:\/\/blog.wenzlaff.de\/?p=21468\" class=\"more-link\"><span class=\"screen-reader-text\">\u201eBoeing E-3B Sentry (AWACS) st\u00f6rte Heute in Langenhagen\u201c <\/span>weiterlesen<\/a><\/p>\n","protected":false},"author":2,"featured_media":0,"comment_status":"closed","ping_status":"closed","sticky":false,"template":"","format":"standard","meta":{"footnotes":""},"categories":[2062,1101],"tags":[5932,5933,5936,585,5934,5935,2682,685,2527,1067],"class_list":["post-21468","post","type-post","status-publish","format-standard","hentry","category-info","category-reisen","tag-awacs","tag-boeing-e-3b","tag-durchstarten","tag-flugzeug","tag-geilenkirchen","tag-gke","tag-landen","tag-langenhagen","tag-laerm","tag-starten"],"_links":{"self":[{"href":"http:\/\/blog.wenzlaff.de\/index.php?rest_route=\/wp\/v2\/posts\/21468","targetHints":{"allow":["GET"]}}],"collection":[{"href":"http:\/\/blog.wenzlaff.de\/index.php?rest_route=\/wp\/v2\/posts"}],"about":[{"href":"http:\/\/blog.wenzlaff.de\/index.php?rest_route=\/wp\/v2\/types\/post"}],"author":[{"embeddable":true,"href":"http:\/\/blog.wenzlaff.de\/index.php?rest_route=\/wp\/v2\/users\/2"}],"replies":[{"embeddable":true,"href":"http:\/\/blog.wenzlaff.de\/index.php?rest_route=%2Fwp%2Fv2%2Fcomments&post=21468"}],"version-history":[{"count":0,"href":"http:\/\/blog.wenzlaff.de\/index.php?rest_route=\/wp\/v2\/posts\/21468\/revisions"}],"wp:attachment":[{"href":"http:\/\/blog.wenzlaff.de\/index.php?rest_route=%2Fwp%2Fv2%2Fmedia&parent=21468"}],"wp:term":[{"taxonomy":"category","embeddable":true,"href":"http:\/\/blog.wenzlaff.de\/index.php?rest_route=%2Fwp%2Fv2%2Fcategories&post=21468"},{"taxonomy":"post_tag","embeddable":true,"href":"http:\/\/blog.wenzlaff.de\/index.php?rest_route=%2Fwp%2Fv2%2Ftags&post=21468"}],"curies":[{"name":"wp","href":"https:\/\/api.w.org\/{rel}","templated":true}]}}