{"id":2227,"date":"2013-11-03T13:28:34","date_gmt":"2013-11-03T11:28:34","guid":{"rendered":"http:\/\/blog.wenzlaff.de\/?p=2227"},"modified":"2021-11-22T17:15:58","modified_gmt":"2021-11-22T16:15:58","slug":"tip-der-woche-wie-koennen-formatierungen-fuer-eclipse-im-quellcode-fuer-bestimmte-bereiche-ausgeschaltet-werden","status":"publish","type":"post","link":"http:\/\/blog.wenzlaff.de\/?p=2227","title":{"rendered":"Tip der Woche: Wie k\u00f6nnen formatierungen f\u00fcr Eclipse im Quellcode f\u00fcr bestimmte Bereiche ausgeschaltet werden?"},"content":{"rendered":"<p>Hat man m\u00fchsam den Quellcode einger\u00fcckt, f\u00fcr SQLs oder bestimmte Variablen oder Konstanten und man m\u00f6chte nicht, das dieser Code wieder durch die automatische Formatierung verloren geht wie in diesem Beispiel:<br \/>\n<a href=\"http:\/\/blog.wenzlaff.de\/wp-content\/uploads\/2013\/11\/Bildschirmfoto-2013-11-03-um-12.15.28.png\"><img loading=\"lazy\" decoding=\"async\" src=\"http:\/\/blog.wenzlaff.de\/wp-content\/uploads\/2013\/11\/Bildschirmfoto-2013-11-03-um-12.15.28.png\" alt=\"Bildschirmfoto 2013-11-03 um 12.15.28\" width=\"516\" height=\"289\" class=\"aligncenter size-full wp-image-2224\" srcset=\"http:\/\/blog.wenzlaff.de\/wp-content\/uploads\/2013\/11\/Bildschirmfoto-2013-11-03-um-12.15.28.png 516w, http:\/\/blog.wenzlaff.de\/wp-content\/uploads\/2013\/11\/Bildschirmfoto-2013-11-03-um-12.15.28-300x168.png 300w\" sizes=\"auto, (max-width: 516px) 100vw, 516px\" \/><\/a><br \/>\nDann kann man zwei Tags definieren in:<br \/>\n<a href=\"http:\/\/blog.wenzlaff.de\/wp-content\/uploads\/2013\/11\/Bildschirmfoto-2013-11-03-um-12.16.31.png\"><img loading=\"lazy\" decoding=\"async\" src=\"http:\/\/blog.wenzlaff.de\/wp-content\/uploads\/2013\/11\/Bildschirmfoto-2013-11-03-um-12.16.31.png\" alt=\"Bildschirmfoto 2013-11-03 um 12.16.31\" width=\"699\" height=\"678\" class=\"aligncenter size-full wp-image-2226\" srcset=\"http:\/\/blog.wenzlaff.de\/wp-content\/uploads\/2013\/11\/Bildschirmfoto-2013-11-03-um-12.16.31.png 699w, http:\/\/blog.wenzlaff.de\/wp-content\/uploads\/2013\/11\/Bildschirmfoto-2013-11-03-um-12.16.31-300x290.png 300w\" sizes=\"auto, (max-width: 699px) 100vw, 699px\" \/><\/a><br \/>\nDann auf Edit klicken. Auf dem letzten Tab unter Off\/On Tags k\u00f6nnen belibige Tags definiert werden:<br \/>\n<a href=\"http:\/\/blog.wenzlaff.de\/wp-content\/uploads\/2013\/11\/Bildschirmfoto-2013-11-03-um-12.16.48.png\"><img loading=\"lazy\" decoding=\"async\" src=\"http:\/\/blog.wenzlaff.de\/wp-content\/uploads\/2013\/11\/Bildschirmfoto-2013-11-03-um-12.16.48.png\" alt=\"Bildschirmfoto 2013-11-03 um 12.16.48\" width=\"824\" height=\"411\" class=\"aligncenter size-full wp-image-2225\" srcset=\"http:\/\/blog.wenzlaff.de\/wp-content\/uploads\/2013\/11\/Bildschirmfoto-2013-11-03-um-12.16.48.png 824w, http:\/\/blog.wenzlaff.de\/wp-content\/uploads\/2013\/11\/Bildschirmfoto-2013-11-03-um-12.16.48-300x149.png 300w\" sizes=\"auto, (max-width: 767px) 89vw, (max-width: 1000px) 54vw, (max-width: 1071px) 543px, 580px\" \/><\/a><br \/>\nund schon bleibt der Quelltext zwischen den Tags, so wie angegeben.<\/p>\n<p>In Projekten m\u00fcsste man sich dann aber auf Tags f\u00fcr alle einigen und in der Systemweiten XML festschreiben, sonst w\u00fcrde jemand anderes, der die Datei ausscheckt und den Tag nicht definiert hat, alles wieder umstellen.<\/p>\n","protected":false},"excerpt":{"rendered":"<p>Hat man m\u00fchsam den Quellcode einger\u00fcckt, f\u00fcr SQLs oder bestimmte Variablen oder Konstanten und man m\u00f6chte nicht, das dieser Code wieder durch die automatische Formatierung verloren geht wie in diesem Beispiel: Dann kann man zwei Tags definieren in: Dann auf Edit klicken. Auf dem letzten Tab unter Off\/On Tags k\u00f6nnen belibige Tags definiert werden: und &hellip; <\/p>\n<p class=\"link-more\"><a href=\"http:\/\/blog.wenzlaff.de\/?p=2227\" class=\"more-link\"><span class=\"screen-reader-text\">\u201eTip der Woche: Wie k\u00f6nnen formatierungen f\u00fcr Eclipse im Quellcode f\u00fcr bestimmte Bereiche ausgeschaltet werden?\u201c <\/span>weiterlesen<\/a><\/p>\n","protected":false},"author":2,"featured_media":0,"comment_status":"closed","ping_status":"open","sticky":false,"template":"","format":"standard","meta":{"footnotes":""},"categories":[4,79],"tags":[2177,1075,132,1074,517,249,1073],"class_list":["post-2227","post","type-post","status-publish","format-standard","hentry","category-eclipse","category-programmierung","tag-eclipse","tag-einruecken","tag-format","tag-formatierung","tag-quellcode","tag-tip","tag-tip-der-woche"],"_links":{"self":[{"href":"http:\/\/blog.wenzlaff.de\/index.php?rest_route=\/wp\/v2\/posts\/2227","targetHints":{"allow":["GET"]}}],"collection":[{"href":"http:\/\/blog.wenzlaff.de\/index.php?rest_route=\/wp\/v2\/posts"}],"about":[{"href":"http:\/\/blog.wenzlaff.de\/index.php?rest_route=\/wp\/v2\/types\/post"}],"author":[{"embeddable":true,"href":"http:\/\/blog.wenzlaff.de\/index.php?rest_route=\/wp\/v2\/users\/2"}],"replies":[{"embeddable":true,"href":"http:\/\/blog.wenzlaff.de\/index.php?rest_route=%2Fwp%2Fv2%2Fcomments&post=2227"}],"version-history":[{"count":0,"href":"http:\/\/blog.wenzlaff.de\/index.php?rest_route=\/wp\/v2\/posts\/2227\/revisions"}],"wp:attachment":[{"href":"http:\/\/blog.wenzlaff.de\/index.php?rest_route=%2Fwp%2Fv2%2Fmedia&parent=2227"}],"wp:term":[{"taxonomy":"category","embeddable":true,"href":"http:\/\/blog.wenzlaff.de\/index.php?rest_route=%2Fwp%2Fv2%2Fcategories&post=2227"},{"taxonomy":"post_tag","embeddable":true,"href":"http:\/\/blog.wenzlaff.de\/index.php?rest_route=%2Fwp%2Fv2%2Ftags&post=2227"}],"curies":[{"name":"wp","href":"https:\/\/api.w.org\/{rel}","templated":true}]}}