{"id":3859,"date":"2014-07-31T20:04:43","date_gmt":"2014-07-31T18:04:43","guid":{"rendered":"http:\/\/blog.wenzlaff.de\/?p=3859"},"modified":"2024-04-26T18:11:48","modified_gmt":"2024-04-26T16:11:48","slug":"neues-modell-eingetroffen-raspberry-pi-b","status":"publish","type":"post","link":"http:\/\/blog.wenzlaff.de\/?p=3859","title":{"rendered":"Neues Modell eingetroffen: Raspberry Pi B+"},"content":{"rendered":"<p>Soeben ist das Neue <strong>B+<\/strong> Modell vom Raspberry Pi bei mir eingetroffen. Geliefert wurde das gut verpackte neue Modell von der Fa. <a href=\"https:\/\/de.rs-online.com\/web\/\" title=\"rs-online\" target=\"_blank\" rel=\"noopener noreferrer\">RS-Online<\/a>.<\/p>\n<p>Auf den <a href=\"https:\/\/de.rs-online.com\/web\/p\/raspberry-pi\/8111284\" title=\"download\" target=\"_blank\" rel=\"noopener noreferrer\">Seiten<\/a> von RS-Online gibt es auch ein <a href=\"https:\/\/www.rs-online.com\/\" title=\"be\" target=\"_blank\" rel=\"noopener noreferrer\">Datasheet<\/a>, <a href=\"https:\/\/www.rs-online.com\/\" title=\"ab\" target=\"_blank\" rel=\"noopener noreferrer\">Abmessungen<\/a> und <a href=\"https:\/\/www.rs-online.com\/\" title=\"schaltplan\" target=\"_blank\" rel=\"noopener noreferrer\">Schaltplan<\/a>.<\/p>\n<p>Das will ich mir doch einmal n\u00e4her ansehen:<br \/>\n<a href=\"http:\/\/blog.wenzlaff.de\/wp-content\/uploads\/2014\/07\/20140731-200404-72244035.jpg\"><img decoding=\"async\" src=\"http:\/\/blog.wenzlaff.de\/wp-content\/uploads\/2014\/07\/20140731-200404-72244035.jpg\" alt=\"20140731-200404-72244035.jpg\" class=\"alignnone size-full\" \/><\/a><br \/>\n<!--more--><br \/>\nWas sofort auff\u00e4llt im Vergleich zu dem vorg\u00e4nger Modell sind die <strong>4<\/strong> USB Ports, die kann man immer gut gebrauchen und der Schacht f\u00fcr die <strong>microSD<\/strong> Karte:<br \/>\n<a href=\"http:\/\/blog.wenzlaff.de\/wp-content\/uploads\/2014\/07\/20140731-200404-72244939.jpg\"><img decoding=\"async\" src=\"http:\/\/blog.wenzlaff.de\/wp-content\/uploads\/2014\/07\/20140731-200404-72244939.jpg\" alt=\"20140731-200404-72244939.jpg\" class=\"alignnone size-full\" \/><\/a><br \/>\nDazu erst mal wie gewohnt eine Mindmap:<br \/>\n<a href=\"http:\/\/blog.wenzlaff.de\/wp-content\/uploads\/2014\/07\/rpi_neu.png\"><img loading=\"lazy\" decoding=\"async\" src=\"http:\/\/blog.wenzlaff.de\/wp-content\/uploads\/2014\/07\/rpi_neu.png\" alt=\"rpi_neu\" width=\"1184\" height=\"690\" class=\"aligncenter size-full wp-image-3866\" srcset=\"http:\/\/blog.wenzlaff.de\/wp-content\/uploads\/2014\/07\/rpi_neu.png 1184w, http:\/\/blog.wenzlaff.de\/wp-content\/uploads\/2014\/07\/rpi_neu-300x174.png 300w, http:\/\/blog.wenzlaff.de\/wp-content\/uploads\/2014\/07\/rpi_neu-1024x596.png 1024w, http:\/\/blog.wenzlaff.de\/wp-content\/uploads\/2014\/07\/rpi_neu-900x524.png 900w\" sizes=\"auto, (max-width: 767px) 89vw, (max-width: 1000px) 54vw, (max-width: 1071px) 543px, 580px\" \/><\/a><br \/>\nDa die &#8222;alten&#8220; SD-Karten nicht mehr in dem neuem Modell gehen, eine neue 8 GB <strong>microSD<\/strong> Karte Klasse 10 (Inteso f\u00fcr 7,99 Euro inkl. SD-Karten Adapter) gekauft und mit <a href=\"http:\/\/blog.wenzlaff.de\/?p=2355\" title=\"kali-linux\" target=\"_blank\" rel=\"noopener noreferrer\">Kali 1.0.6a<\/a> Linux best\u00fcckt. <\/p>\n<p>Einschalten. Geht nicht. Es leuchtet nur die ROTE LED. Keine Netzwerk LEDs leuchten.<\/p>\n<p>Ok, evl. ist das Image nicht mit der neuen Version kompatibel oder beim schreiben ist was falsch gelaufen.<\/p>\n<p>2. Versuch mit dem aktuellen <a href=\"https:\/\/www.raspberrypi.com\/software\/\" title=\"http:\/\/www.raspberrypi.org\/downloads\/\" target=\"_blank\" rel=\"noopener noreferrer\">Raspbian Debian Wheezy 1.3.9<\/a> Image. Stunden sp\u00e4ter&#8230;<\/p>\n<p>Anmelden mit telnet -ip-addresse- und default Passwort: <strong>raspberry<\/strong> erfolgreich.<\/p>\n<p>Die default Einstellungen werden nun alle ge\u00e4ndert mit:<br \/>\n<code><br \/>\nraspi-config<br \/>\n<\/code><br \/>\nDann noch mal alles updaten mit:<br \/>\n<code><br \/>\nsudo apt-get update<br \/>\nsudo apt-get upgrade<br \/>\nsudo apt-get clean<br \/>\nsudo rpi-update<br \/>\nsudo ldconfig<br \/>\nsudo reboot<br \/>\n<\/code><\/p>\n<p>Ok, der rPi B+ l\u00e4uft nun auch. Die Rote LED ist immer an und die gr\u00fcne LED leuchtet auch bei Schreibvorg\u00e4ngen. Die gr\u00fcne und gelbe Netzwerk LED leuchten auch wie gew\u00fcnscht.<\/p>\n<p>Bis jetzt sieht alles sehr <strong>gut<\/strong> aus. Bei Gelegenheit werde ich mal einen WLAN-Stick anschlie\u00dfen um zu sehen, wie sich die neuen USB 2.0 Buchsen so machen&#8230;<\/p>\n","protected":false},"excerpt":{"rendered":"<p>Soeben ist das Neue B+ Modell vom Raspberry Pi bei mir eingetroffen. Geliefert wurde das gut verpackte neue Modell von der Fa. RS-Online. Auf den Seiten von RS-Online gibt es auch ein Datasheet, Abmessungen und Schaltplan. Das will ich mir doch einmal n\u00e4her ansehen:<\/p>\n","protected":false},"author":2,"featured_media":0,"comment_status":"closed","ping_status":"open","sticky":false,"template":"","format":"standard","meta":{"footnotes":""},"categories":[1023],"tags":[1606,1608,1605,1604,1607],"class_list":["post-3859","post","type-post","status-publish","format-standard","hentry","category-raspberry-pi","tag-b","tag-modell-rpi-b","tag-neues-modell-b","tag-raspberry-pi-b","tag-rpi-b"],"_links":{"self":[{"href":"http:\/\/blog.wenzlaff.de\/index.php?rest_route=\/wp\/v2\/posts\/3859","targetHints":{"allow":["GET"]}}],"collection":[{"href":"http:\/\/blog.wenzlaff.de\/index.php?rest_route=\/wp\/v2\/posts"}],"about":[{"href":"http:\/\/blog.wenzlaff.de\/index.php?rest_route=\/wp\/v2\/types\/post"}],"author":[{"embeddable":true,"href":"http:\/\/blog.wenzlaff.de\/index.php?rest_route=\/wp\/v2\/users\/2"}],"replies":[{"embeddable":true,"href":"http:\/\/blog.wenzlaff.de\/index.php?rest_route=%2Fwp%2Fv2%2Fcomments&post=3859"}],"version-history":[{"count":0,"href":"http:\/\/blog.wenzlaff.de\/index.php?rest_route=\/wp\/v2\/posts\/3859\/revisions"}],"wp:attachment":[{"href":"http:\/\/blog.wenzlaff.de\/index.php?rest_route=%2Fwp%2Fv2%2Fmedia&parent=3859"}],"wp:term":[{"taxonomy":"category","embeddable":true,"href":"http:\/\/blog.wenzlaff.de\/index.php?rest_route=%2Fwp%2Fv2%2Fcategories&post=3859"},{"taxonomy":"post_tag","embeddable":true,"href":"http:\/\/blog.wenzlaff.de\/index.php?rest_route=%2Fwp%2Fv2%2Ftags&post=3859"}],"curies":[{"name":"wp","href":"https:\/\/api.w.org\/{rel}","templated":true}]}}